{"id":1003,"date":"2014-09-25T14:31:47","date_gmt":"2014-09-25T13:31:47","guid":{"rendered":"http:\/\/jacnux-server\/?p=1003"},"modified":"2014-09-25T14:42:41","modified_gmt":"2014-09-25T13:42:41","slug":"atelier-photo-du-mois-de-septembre-2014","status":"publish","type":"post","link":"https:\/\/www.rers-staubindemedoc.fr\/?p=1003","title":{"rendered":"Atelier photo du mois de septembre 2014."},"content":{"rendered":"<p>Nous \u00e9tions nombreux (une douzaine), salle Diaz ce Mardi 23 Septembre pour la reprise des activit\u00e9s photo, des nouveaux, des anciens, des d\u00e9butants et des exp\u00e9riment\u00e9s et des experts.<br \/>\nSuite \u00e0 la demande du plus grand nombre, le matin a \u00e9t\u00e9 consacr\u00e9 \u00e0 des revisions sur les fondamentaux de la photographie, et la d\u00e9couverte ou la re-d\u00e9couverte de son appareil.<br \/>\nApr\u00e8s un repas partag\u00e9, pour ceux qui le pouvaient, l&rsquo;apr\u00e8s-midi toutes les notions \u00e9voqu\u00e9es le matin ont \u00e9t\u00e9 mises en pratique dans un premier temps autour de l&rsquo;\u00e9glise de St Aubin,et ensuite \u00e0 l&rsquo;int\u00e9rieur.<\/p>\n<p>Tout ce petit monde a quitt\u00e9 la s\u00e9ance sans s&rsquo;\u00eatre perdu dans le \u00ab\u00a0triangle photographique\u00a0\u00bb.<\/p>\n<p>Merci de m&rsquo;envoyer par mail ou suivant la proc\u00e9dure d\u00e9finie dans le blog photo (comment envoyer des photos) \u00a0de vos meilleures photos de cette s\u00e9ance, elles seront publi\u00e9es dans la galerie. En outre si vous avez pris des photos du groupe en activit\u00e9 je suis aussi preneur.<\/p>\n<p><em>Pourquoi ? parce que 4&#215;12 cela fait 48 photographies ce qui est largement suffisant pour le blog.<\/em><\/p>\n<p>La prochaine s\u00e9ance qui aura pour th\u00e8me le <strong>paysage<\/strong>, pour cadre St <strong>Emilion<\/strong> se d\u00e9roulera le <strong>23 Octobre<\/strong> et non le 21 comme pr\u00e9vu initialement (\u00e0 l&rsquo;unanimit\u00e9 des pr\u00e9sents). Des informations concernant la logistique et l&rsquo;agenda de la journ\u00e9e seront communiqu\u00e9es plus tard.<\/p>\n","protected":false},"excerpt":{"rendered":"<p>Nous \u00e9tions nombreux (une douzaine), salle Diaz ce Mardi 23 Septembre pour la reprise des activit\u00e9s photo, des nouveaux, des anciens, des d\u00e9butants et des exp\u00e9riment\u00e9s et des experts. Suite \u00e0 la demande du plus grand nombre, le matin a \u00e9t\u00e9 consacr\u00e9 \u00e0 des revisions sur les fondamentaux de la photographie, et la d\u00e9couverte ou [&hellip;]<\/p>\n","protected":false},"author":2,"featured_media":0,"comment_status":"open","ping_status":"open","sticky":false,"template":"","format":"standard","meta":{"ngg_post_thumbnail":0,"footnotes":"","_links_to":"","_links_to_target":""},"categories":[8,18],"tags":[],"class_list":["post-1003","post","type-post","status-publish","format-standard","hentry","category-artistique","category-information"],"_links":{"self":[{"href":"https:\/\/www.rers-staubindemedoc.fr\/index.php?rest_route=\/wp\/v2\/posts\/1003","targetHints":{"allow":["GET"]}}],"collection":[{"href":"https:\/\/www.rers-staubindemedoc.fr\/index.php?rest_route=\/wp\/v2\/posts"}],"about":[{"href":"https:\/\/www.rers-staubindemedoc.fr\/index.php?rest_route=\/wp\/v2\/types\/post"}],"author":[{"embeddable":true,"href":"https:\/\/www.rers-staubindemedoc.fr\/index.php?rest_route=\/wp\/v2\/users\/2"}],"replies":[{"embeddable":true,"href":"https:\/\/www.rers-staubindemedoc.fr\/index.php?rest_route=%2Fwp%2Fv2%2Fcomments&post=1003"}],"version-history":[{"count":6,"href":"https:\/\/www.rers-staubindemedoc.fr\/index.php?rest_route=\/wp\/v2\/posts\/1003\/revisions"}],"predecessor-version":[{"id":1009,"href":"https:\/\/www.rers-staubindemedoc.fr\/index.php?rest_route=\/wp\/v2\/posts\/1003\/revisions\/1009"}],"wp:attachment":[{"href":"https:\/\/www.rers-staubindemedoc.fr\/index.php?rest_route=%2Fwp%2Fv2%2Fmedia&parent=1003"}],"wp:term":[{"taxonomy":"category","embeddable":true,"href":"https:\/\/www.rers-staubindemedoc.fr\/index.php?rest_route=%2Fwp%2Fv2%2Fcategories&post=1003"},{"taxonomy":"post_tag","embeddable":true,"href":"https:\/\/www.rers-staubindemedoc.fr\/index.php?rest_route=%2Fwp%2Fv2%2Ftags&post=1003"}],"curies":[{"name":"wp","href":"https:\/\/api.w.org\/{rel}","templated":true}]}}