{"id":1011,"date":"2014-09-30T15:58:28","date_gmt":"2014-09-30T14:58:28","guid":{"rendered":"http:\/\/jacnux-server\/?p=1011"},"modified":"2014-09-30T19:10:42","modified_gmt":"2014-09-30T18:10:42","slug":"atelier-floral-de-septembre-tunnel-fleuri-avec-callas-et-roses","status":"publish","type":"post","link":"https:\/\/www.rers-staubindemedoc.fr\/?p=1011","title":{"rendered":"Atelier Floral : \u00ab\u00a0Tunnel fleuri\u00a0\u00bb"},"content":{"rendered":"<p>Atelier floral de Septembre\u00a0: \u00ab\u00a0Tunnel fleuri\u00a0\u00bb avec callas et roses<\/p>\n<p>Pour cette composition, il vous faut\u00a0:<\/p>\n<ul>\n<li><span style=\"orphans: 2; widows: 2;\">des feuilles de typha (roseaux des berges des foss\u00e9s)<\/span><\/li>\n<li>2 callas bordeaux<\/li>\n<li>des roses (roses et blanches<\/li>\n<li>des fleurs de chrysanth\u00e8mes<\/li>\n<li>des lisianthus<\/li>\n<li>quelques \u00e9pingles \u00e0 t\u00eate argent\u00e9e<\/li>\n<\/ul>\n<p>&nbsp;<\/p>\n<ol>\n<li>Sur un pain d\u2019oasis rectangulaire, placez vos tiges de typha (coup\u00e9es en 2) de mani\u00e8re \u00e0 r\u00e9aliser un tunnel.<\/li>\n<li>\u00a0Raccourcissez vos callas et travaillez la tige de fa\u00e7on \u00e0 pouvoir la recourber sans la casser , puis placez ces deux tiges au tiers de l\u2019extr\u00e9mit\u00e9 du pain d\u2019oasis. Maintenez les avec une \u00e9pingle fix\u00e9e sur une feuille de typha.<\/li>\n<li>\u00a0Placez les roses (roses et blanches) et les lisianthus (fleurs et feuilles) \u00e0 chaque extr\u00e9mit\u00e9 de ce \u00ab\u00a0tunnel\u00a0\u00bb de feuilles de typha. Compl\u00e9ter avec les fleurs de chrysanth\u00e8mes en prenant bien soin de piquer chaque fleur s\u00e9par\u00e9ment (votre composition durera plus longtemps).<\/li>\n<\/ol>\n<p><a href=\"http:\/\/rers-staubindemedoc.fr\/wp-content\/uploads\/2014\/09\/2014-3.jpg\"><img loading=\"lazy\" decoding=\"async\" class=\"alignnone size-medium wp-image-1018\" src=\"http:\/\/rers-staubindemedoc.fr\/wp-content\/uploads\/2014\/09\/2014-3-224x300.jpg\" alt=\"2014 3\" width=\"224\" height=\"300\" srcset=\"https:\/\/www.rers-staubindemedoc.fr\/wp-content\/uploads\/2014\/09\/2014-3-224x300.jpg 224w, https:\/\/www.rers-staubindemedoc.fr\/wp-content\/uploads\/2014\/09\/2014-3.jpg 680w\" sizes=\"auto, (max-width: 224px) 100vw, 224px\" \/><\/a> <a href=\"http:\/\/rers-staubindemedoc.fr\/wp-content\/uploads\/2014\/09\/2014-2.jpg\"><img loading=\"lazy\" decoding=\"async\" class=\"alignnone size-medium wp-image-1019\" src=\"http:\/\/rers-staubindemedoc.fr\/wp-content\/uploads\/2014\/09\/2014-2-300x225.jpg\" alt=\"2014 2\" width=\"300\" height=\"225\" srcset=\"https:\/\/www.rers-staubindemedoc.fr\/wp-content\/uploads\/2014\/09\/2014-2-300x225.jpg 300w, https:\/\/www.rers-staubindemedoc.fr\/wp-content\/uploads\/2014\/09\/2014-2.jpg 680w\" sizes=\"auto, (max-width: 300px) 100vw, 300px\" \/><\/a> <a href=\"http:\/\/rers-staubindemedoc.fr\/wp-content\/uploads\/2014\/09\/2014-4.jpg\"><img loading=\"lazy\" decoding=\"async\" class=\"alignnone size-medium wp-image-1017\" src=\"http:\/\/rers-staubindemedoc.fr\/wp-content\/uploads\/2014\/09\/2014-4-300x253.jpg\" alt=\"2014 4\" width=\"300\" height=\"253\" srcset=\"https:\/\/www.rers-staubindemedoc.fr\/wp-content\/uploads\/2014\/09\/2014-4-300x253.jpg 300w, https:\/\/www.rers-staubindemedoc.fr\/wp-content\/uploads\/2014\/09\/2014-4.jpg 397w\" sizes=\"auto, (max-width: 300px) 100vw, 300px\" \/><\/a> <a href=\"http:\/\/rers-staubindemedoc.fr\/wp-content\/uploads\/2014\/09\/2014-Atelier-floral-de-Septembre-Callas-et-roses.docx.jpg\"><img loading=\"lazy\" decoding=\"async\" class=\"alignnone size-medium wp-image-1016\" src=\"http:\/\/rers-staubindemedoc.fr\/wp-content\/uploads\/2014\/09\/2014-Atelier-floral-de-Septembre-Callas-et-roses.docx-300x204.jpg\" alt=\"2014 Atelier floral de Septembre Callas et roses.docx\" width=\"300\" height=\"204\" srcset=\"https:\/\/www.rers-staubindemedoc.fr\/wp-content\/uploads\/2014\/09\/2014-Atelier-floral-de-Septembre-Callas-et-roses.docx-300x204.jpg 300w, https:\/\/www.rers-staubindemedoc.fr\/wp-content\/uploads\/2014\/09\/2014-Atelier-floral-de-Septembre-Callas-et-roses.docx.jpg 680w\" sizes=\"auto, (max-width: 300px) 100vw, 300px\" \/><\/a><\/p>\n","protected":false},"excerpt":{"rendered":"<p>Atelier floral de Septembre\u00a0: \u00ab\u00a0Tunnel fleuri\u00a0\u00bb avec callas et roses Pour cette composition, il vous faut\u00a0: des feuilles de typha (roseaux des berges des foss\u00e9s) 2 callas bordeaux des roses (roses et blanches des fleurs de chrysanth\u00e8mes des lisianthus quelques \u00e9pingles \u00e0 t\u00eate argent\u00e9e &nbsp; Sur un pain d\u2019oasis rectangulaire, placez vos tiges de typha [&hellip;]<\/p>\n","protected":false},"author":2,"featured_media":0,"comment_status":"open","ping_status":"open","sticky":false,"template":"","format":"standard","meta":{"ngg_post_thumbnail":0,"footnotes":"","_links_to":"","_links_to_target":""},"categories":[8],"tags":[],"class_list":["post-1011","post","type-post","status-publish","format-standard","hentry","category-artistique"],"_links":{"self":[{"href":"https:\/\/www.rers-staubindemedoc.fr\/index.php?rest_route=\/wp\/v2\/posts\/1011","targetHints":{"allow":["GET"]}}],"collection":[{"href":"https:\/\/www.rers-staubindemedoc.fr\/index.php?rest_route=\/wp\/v2\/posts"}],"about":[{"href":"https:\/\/www.rers-staubindemedoc.fr\/index.php?rest_route=\/wp\/v2\/types\/post"}],"author":[{"embeddable":true,"href":"https:\/\/www.rers-staubindemedoc.fr\/index.php?rest_route=\/wp\/v2\/users\/2"}],"replies":[{"embeddable":true,"href":"https:\/\/www.rers-staubindemedoc.fr\/index.php?rest_route=%2Fwp%2Fv2%2Fcomments&post=1011"}],"version-history":[{"count":5,"href":"https:\/\/www.rers-staubindemedoc.fr\/index.php?rest_route=\/wp\/v2\/posts\/1011\/revisions"}],"predecessor-version":[{"id":1022,"href":"https:\/\/www.rers-staubindemedoc.fr\/index.php?rest_route=\/wp\/v2\/posts\/1011\/revisions\/1022"}],"wp:attachment":[{"href":"https:\/\/www.rers-staubindemedoc.fr\/index.php?rest_route=%2Fwp%2Fv2%2Fmedia&parent=1011"}],"wp:term":[{"taxonomy":"category","embeddable":true,"href":"https:\/\/www.rers-staubindemedoc.fr\/index.php?rest_route=%2Fwp%2Fv2%2Fcategories&post=1011"},{"taxonomy":"post_tag","embeddable":true,"href":"https:\/\/www.rers-staubindemedoc.fr\/index.php?rest_route=%2Fwp%2Fv2%2Ftags&post=1011"}],"curies":[{"name":"wp","href":"https:\/\/api.w.org\/{rel}","templated":true}]}}