{"id":1066,"date":"2014-11-03T17:44:51","date_gmt":"2014-11-03T16:44:51","guid":{"rendered":"http:\/\/jacnux-server\/?p=1066"},"modified":"2014-11-03T17:45:03","modified_gmt":"2014-11-03T16:45:03","slug":"une-vision-deux-regards","status":"publish","type":"post","link":"https:\/\/www.rers-staubindemedoc.fr\/?p=1066","title":{"rendered":"Une Vision, deux Regards"},"content":{"rendered":"<p><a href=\"http:\/\/rers-staubindemedoc.fr\/wp-content\/uploads\/2014\/11\/affiche-modifi\u00e9e-expo-photo-peinture_mini.jpg\"><img loading=\"lazy\" decoding=\"async\" class=\"alignleft wp-image-1070 size-full\" src=\"http:\/\/rers-staubindemedoc.fr\/wp-content\/uploads\/2014\/11\/affiche-modifi\u00e9e-expo-photo-peinture_mini.jpg\" alt=\"affiche modifi\u00e9e expo photo-peinture_mini\" width=\"213\" height=\"283\" \/><\/a>L&rsquo;exposition une Vision , deux regards qui proposait un voyage \u00e0 travers 13 peintures et photographies a \u00e9t\u00e9 visit\u00e9e par 140 personnes du 9 au 18 octobre.<\/p>\n<p>Vous pouvez la retrouver sur le site :<\/p>\n<p>http:\/\/expochlh-jac.rhcloud.com<\/p>\n","protected":false},"excerpt":{"rendered":"<p>L&rsquo;exposition une Vision , deux regards qui proposait un voyage \u00e0 travers 13 peintures et photographies a \u00e9t\u00e9 visit\u00e9e par 140 personnes du 9 au 18 octobre. Vous pouvez la retrouver sur le site : http:\/\/expochlh-jac.rhcloud.com<\/p>\n","protected":false},"author":2,"featured_media":0,"comment_status":"open","ping_status":"open","sticky":false,"template":"","format":"standard","meta":{"ngg_post_thumbnail":0,"footnotes":"","_links_to":"","_links_to_target":""},"categories":[18],"tags":[],"class_list":["post-1066","post","type-post","status-publish","format-standard","hentry","category-information"],"_links":{"self":[{"href":"https:\/\/www.rers-staubindemedoc.fr\/index.php?rest_route=\/wp\/v2\/posts\/1066","targetHints":{"allow":["GET"]}}],"collection":[{"href":"https:\/\/www.rers-staubindemedoc.fr\/index.php?rest_route=\/wp\/v2\/posts"}],"about":[{"href":"https:\/\/www.rers-staubindemedoc.fr\/index.php?rest_route=\/wp\/v2\/types\/post"}],"author":[{"embeddable":true,"href":"https:\/\/www.rers-staubindemedoc.fr\/index.php?rest_route=\/wp\/v2\/users\/2"}],"replies":[{"embeddable":true,"href":"https:\/\/www.rers-staubindemedoc.fr\/index.php?rest_route=%2Fwp%2Fv2%2Fcomments&post=1066"}],"version-history":[{"count":11,"href":"https:\/\/www.rers-staubindemedoc.fr\/index.php?rest_route=\/wp\/v2\/posts\/1066\/revisions"}],"predecessor-version":[{"id":1078,"href":"https:\/\/www.rers-staubindemedoc.fr\/index.php?rest_route=\/wp\/v2\/posts\/1066\/revisions\/1078"}],"wp:attachment":[{"href":"https:\/\/www.rers-staubindemedoc.fr\/index.php?rest_route=%2Fwp%2Fv2%2Fmedia&parent=1066"}],"wp:term":[{"taxonomy":"category","embeddable":true,"href":"https:\/\/www.rers-staubindemedoc.fr\/index.php?rest_route=%2Fwp%2Fv2%2Fcategories&post=1066"},{"taxonomy":"post_tag","embeddable":true,"href":"https:\/\/www.rers-staubindemedoc.fr\/index.php?rest_route=%2Fwp%2Fv2%2Ftags&post=1066"}],"curies":[{"name":"wp","href":"https:\/\/api.w.org\/{rel}","templated":true}]}}