{"id":1081,"date":"2014-11-12T10:34:56","date_gmt":"2014-11-12T09:34:56","guid":{"rendered":"http:\/\/jacnux-server\/?p=1081"},"modified":"2014-11-12T10:34:56","modified_gmt":"2014-11-12T09:34:56","slug":"bienvenue-dans-latelier-peinture","status":"publish","type":"post","link":"https:\/\/www.rers-staubindemedoc.fr\/?p=1081","title":{"rendered":"Bienvenue dans L&rsquo;atelier Peinture !"},"content":{"rendered":"<p align=\"JUSTIFY\">Une nouvelle ann\u00e9e picturale a commenc\u00e9 ce jeudi 6 novembre. Cette ann\u00e9e comportera 9\u00a0s\u00e9ances, 3 par trimestre donc 1 par mois jusqu&rsquo;au mois de juin compris.<\/p>\n<p align=\"JUSTIFY\">Le premier trimestre nous aborderons la technique du drap\u00e9 :<\/p>\n<p style=\"padding-left: 30px;\" align=\"JUSTIFY\">&#8211; La premi\u00e8re s\u00e9ance sera consacr\u00e9e au drap\u00e9 en noir et blanc avec les techniques du lavis , dufusain, de l&rsquo;encre, du crayon, de la mine graphite &#8230;<\/p>\n<p style=\"padding-left: 30px;\" align=\"JUSTIFY\">&#8211; La deuxi\u00e8me s\u00e9ance sera consacr\u00e9e au drap\u00e9 en couleur avec la technique de l&rsquo;aquarelle.<\/p>\n<p style=\"padding-left: 30px;\" align=\"JUSTIFY\">&#8211; La troisi\u00e8me s\u00e9ance consacr\u00e9e au drap\u00e9 en couleur avec la technique de l&rsquo;acrylique.<\/p>\n<p align=\"JUSTIFY\">Pour chaque s\u00e9ance un mod\u00e8le compos\u00e9 de drap\u00e9s diff\u00e9rents \u00e0 chaque fois, des draps, des\u00a0\u00e9toffes, des foulards, des nappes &#8230;.. Les textures et les couleurs seront choisies afin de\u00a0correspondre le mieux possible aux techniques diff\u00e9rentes impos\u00e9es.<\/p>\n<p align=\"JUSTIFY\">Pour le second trimestre, les quatri\u00e8me, cinqui\u00e8me et sixi\u00e8me s\u00e9ances de l&rsquo;ann\u00e9e, nous\u00a0aborderons la couleur en acrylique \u00e0 travers une nature morte compos\u00e9e uniquement de fruits et\u00a0de l\u00e9gumes et &#8230;..peut \u00eatre de quelques drap\u00e9s pour agr\u00e9menter tout \u00e7a ?&#8230;..<\/p>\n<p align=\"JUSTIFY\">La nature morte servira de support \u00e0 l&rsquo;approfondissement de la technique de la couleur, de\u00a0l&rsquo;acrylique, de la composition mais chacun sera libre de son style, abstrait, r\u00e9aliste, cubisme,\u00a0impressionnisme ou autre &#8230;..<\/p>\n<p align=\"JUSTIFY\">Pour le troisi\u00e8me trimestre, les septi\u00e8me, huiti\u00e8me et neuvi\u00e8me s\u00e9ances de l&rsquo;ann\u00e9e nous nous\u00a0attaquerons au paysage avec comme support les photos de paysages prises tout au long de\u00a0l&rsquo;ann\u00e9e dans l&rsquo;atelier Photo : paysages de villes, de campagne, de mer &#8230;.. Chacun choisira sa\u00a0photo, selon son go\u00fbt et son inspiration&#8230;..et le mouvement de peinture dans lequel il va le\u00a0reproduire ! ( fauvisme, pointillisme, abstrait, impressionnisme, clair obscur,\u00a0expressionnisme &#8230;.etc).<\/p>\n<p align=\"JUSTIFY\">Les paysages seront expos\u00e9s \u00e0 c\u00f4t\u00e9 de leurs photos de d\u00e9part lors du repas de fin d&rsquo;ann\u00e9e du\u00a0r\u00e9seau en juin.<\/p>\n<p align=\"JUSTIFY\">A bient\u00f4t pour d&rsquo;autres informations et bonne rentr\u00e9e \u00e0 tous<\/p>\n<p align=\"JUSTIFY\">Christine L&rsquo;HEGARAT<\/p>\n<p align=\"JUSTIFY\">Offreuse de l&rsquo;atelier Peinture<\/p>\n","protected":false},"excerpt":{"rendered":"<p>Une nouvelle ann\u00e9e picturale a commenc\u00e9 ce jeudi 6 novembre. Cette ann\u00e9e comportera 9\u00a0s\u00e9ances, 3 par trimestre donc 1 par mois jusqu&rsquo;au mois de juin compris. Le premier trimestre nous aborderons la technique du drap\u00e9 : &#8211; La premi\u00e8re s\u00e9ance sera consacr\u00e9e au drap\u00e9 en noir et blanc avec les techniques du lavis , dufusain, [&hellip;]<\/p>\n","protected":false},"author":2,"featured_media":0,"comment_status":"open","ping_status":"open","sticky":false,"template":"","format":"standard","meta":{"ngg_post_thumbnail":0,"footnotes":"","_links_to":"","_links_to_target":""},"categories":[18],"tags":[],"class_list":["post-1081","post","type-post","status-publish","format-standard","hentry","category-information"],"_links":{"self":[{"href":"https:\/\/www.rers-staubindemedoc.fr\/index.php?rest_route=\/wp\/v2\/posts\/1081","targetHints":{"allow":["GET"]}}],"collection":[{"href":"https:\/\/www.rers-staubindemedoc.fr\/index.php?rest_route=\/wp\/v2\/posts"}],"about":[{"href":"https:\/\/www.rers-staubindemedoc.fr\/index.php?rest_route=\/wp\/v2\/types\/post"}],"author":[{"embeddable":true,"href":"https:\/\/www.rers-staubindemedoc.fr\/index.php?rest_route=\/wp\/v2\/users\/2"}],"replies":[{"embeddable":true,"href":"https:\/\/www.rers-staubindemedoc.fr\/index.php?rest_route=%2Fwp%2Fv2%2Fcomments&post=1081"}],"version-history":[{"count":2,"href":"https:\/\/www.rers-staubindemedoc.fr\/index.php?rest_route=\/wp\/v2\/posts\/1081\/revisions"}],"predecessor-version":[{"id":1083,"href":"https:\/\/www.rers-staubindemedoc.fr\/index.php?rest_route=\/wp\/v2\/posts\/1081\/revisions\/1083"}],"wp:attachment":[{"href":"https:\/\/www.rers-staubindemedoc.fr\/index.php?rest_route=%2Fwp%2Fv2%2Fmedia&parent=1081"}],"wp:term":[{"taxonomy":"category","embeddable":true,"href":"https:\/\/www.rers-staubindemedoc.fr\/index.php?rest_route=%2Fwp%2Fv2%2Fcategories&post=1081"},{"taxonomy":"post_tag","embeddable":true,"href":"https:\/\/www.rers-staubindemedoc.fr\/index.php?rest_route=%2Fwp%2Fv2%2Ftags&post=1081"}],"curies":[{"name":"wp","href":"https:\/\/api.w.org\/{rel}","templated":true}]}}