{"id":1085,"date":"2014-11-18T11:06:18","date_gmt":"2014-11-18T10:06:18","guid":{"rendered":"http:\/\/jacnux-server\/?p=1085"},"modified":"2014-11-18T11:22:32","modified_gmt":"2014-11-18T10:22:32","slug":"sortie-photo-a-st-emilion","status":"publish","type":"post","link":"https:\/\/www.rers-staubindemedoc.fr\/?p=1085","title":{"rendered":"Sortie Photo \u00e0 St Emilion"},"content":{"rendered":"<div id=\"attachment_1087\" style=\"width: 310px\" class=\"wp-caption aligncenter\"><a href=\"http:\/\/rers-staubindemedoc.fr\/wp-content\/uploads\/2014\/11\/IGP0014-Modifier-2.jpg\"><img loading=\"lazy\" decoding=\"async\" aria-describedby=\"caption-attachment-1087\" class=\"wp-image-1087 size-medium\" src=\"http:\/\/rers-staubindemedoc.fr\/wp-content\/uploads\/2014\/11\/IGP0014-Modifier-2-300x200.jpg\" alt=\"_IGP0014-Modifier-2\" width=\"300\" height=\"200\" srcset=\"https:\/\/www.rers-staubindemedoc.fr\/wp-content\/uploads\/2014\/11\/IGP0014-Modifier-2-300x200.jpg 300w, https:\/\/www.rers-staubindemedoc.fr\/wp-content\/uploads\/2014\/11\/IGP0014-Modifier-2.jpg 640w\" sizes=\"auto, (max-width: 300px) 100vw, 300px\" \/><\/a><p id=\"caption-attachment-1087\" class=\"wp-caption-text\">St Emilion<\/p><\/div>\n<p>&nbsp;<\/p>\n<p>Par un beau soleil d&rsquo;automne,nous \u00e9tions une quinzaine \u00e0 participer \u00e0 la sortie photo \u00e0 St Emilion. Le matin nous avons visit\u00e9 la vieille ville : \u00e9glise,cloitre,lavoir etc..<\/p>\n<p>Apr\u00e8s un pique-nique pris dans un parc sous le soleil, nous avons d\u00e9couvert les paysages de vignes de la commune avant de nous diriger vers le port de Branne. Sur la route de retour en attendant que le soleil se couche nous avons photographi\u00e9 multes feuilles de vignes aux couleurs dor\u00e9es et pourpres, pour terminer devant le ch\u00e2teau de Camarsac avec son all\u00e9e de peupliers.<\/p>\n<p>&nbsp;<\/p>\n<div id=\"attachment_1091\" style=\"width: 310px\" class=\"wp-caption aligncenter\"><a href=\"http:\/\/rers-staubindemedoc.fr\/wp-content\/uploads\/2014\/11\/IGP0207-Modifier-Modifier.jpg\"><img loading=\"lazy\" decoding=\"async\" aria-describedby=\"caption-attachment-1091\" class=\"wp-image-1091 size-medium\" src=\"http:\/\/rers-staubindemedoc.fr\/wp-content\/uploads\/2014\/11\/IGP0207-Modifier-Modifier-300x201.jpg\" alt=\"_IGP0207-Modifier-Modifier\" width=\"300\" height=\"201\" srcset=\"https:\/\/www.rers-staubindemedoc.fr\/wp-content\/uploads\/2014\/11\/IGP0207-Modifier-Modifier-300x201.jpg 300w, https:\/\/www.rers-staubindemedoc.fr\/wp-content\/uploads\/2014\/11\/IGP0207-Modifier-Modifier.jpg 425w\" sizes=\"auto, (max-width: 300px) 100vw, 300px\" \/><\/a><p id=\"caption-attachment-1091\" class=\"wp-caption-text\">St Emilion<\/p><\/div>\n","protected":false},"excerpt":{"rendered":"<p>&nbsp; Par un beau soleil d&rsquo;automne,nous \u00e9tions une quinzaine \u00e0 participer \u00e0 la sortie photo \u00e0 St Emilion. Le matin nous avons visit\u00e9 la vieille ville : \u00e9glise,cloitre,lavoir etc.. Apr\u00e8s un pique-nique pris dans un parc sous le soleil, nous avons d\u00e9couvert les paysages de vignes de la commune avant de nous diriger vers le [&hellip;]<\/p>\n","protected":false},"author":2,"featured_media":0,"comment_status":"open","ping_status":"open","sticky":false,"template":"","format":"standard","meta":{"ngg_post_thumbnail":0,"footnotes":"","_links_to":"","_links_to_target":""},"categories":[18],"tags":[],"class_list":["post-1085","post","type-post","status-publish","format-standard","hentry","category-information"],"_links":{"self":[{"href":"https:\/\/www.rers-staubindemedoc.fr\/index.php?rest_route=\/wp\/v2\/posts\/1085","targetHints":{"allow":["GET"]}}],"collection":[{"href":"https:\/\/www.rers-staubindemedoc.fr\/index.php?rest_route=\/wp\/v2\/posts"}],"about":[{"href":"https:\/\/www.rers-staubindemedoc.fr\/index.php?rest_route=\/wp\/v2\/types\/post"}],"author":[{"embeddable":true,"href":"https:\/\/www.rers-staubindemedoc.fr\/index.php?rest_route=\/wp\/v2\/users\/2"}],"replies":[{"embeddable":true,"href":"https:\/\/www.rers-staubindemedoc.fr\/index.php?rest_route=%2Fwp%2Fv2%2Fcomments&post=1085"}],"version-history":[{"count":6,"href":"https:\/\/www.rers-staubindemedoc.fr\/index.php?rest_route=\/wp\/v2\/posts\/1085\/revisions"}],"predecessor-version":[{"id":1093,"href":"https:\/\/www.rers-staubindemedoc.fr\/index.php?rest_route=\/wp\/v2\/posts\/1085\/revisions\/1093"}],"wp:attachment":[{"href":"https:\/\/www.rers-staubindemedoc.fr\/index.php?rest_route=%2Fwp%2Fv2%2Fmedia&parent=1085"}],"wp:term":[{"taxonomy":"category","embeddable":true,"href":"https:\/\/www.rers-staubindemedoc.fr\/index.php?rest_route=%2Fwp%2Fv2%2Fcategories&post=1085"},{"taxonomy":"post_tag","embeddable":true,"href":"https:\/\/www.rers-staubindemedoc.fr\/index.php?rest_route=%2Fwp%2Fv2%2Ftags&post=1085"}],"curies":[{"name":"wp","href":"https:\/\/api.w.org\/{rel}","templated":true}]}}