{"id":5733,"date":"2024-07-04T22:35:03","date_gmt":"2024-07-04T21:35:03","guid":{"rendered":"http:\/\/www.rers-staubindemedoc.fr\/?p=5733"},"modified":"2024-07-04T22:35:03","modified_gmt":"2024-07-04T21:35:03","slug":"atelier-ponctuel-un-peintre-son-oeuvre-mardi-2-juillet-2024","status":"publish","type":"post","link":"https:\/\/www.rers-staubindemedoc.fr\/?p=5733","title":{"rendered":"Atelier\u00a0Ponctuel : Un peintre, son oeuvre Mardi 2 Juillet 2024"},"content":{"rendered":"\n<div class=\"\">&nbsp;<\/div>\n<div class=\"\"><span class=\"\" style=\"font-size: medium;\">&nbsp;<\/span><\/div>\n<div class=\"\"><span class=\"\" style=\"font-size: medium;\"><b class=\"\"><span class=\"\" style=\"color: #61177c;\">Apr\u00e8s <\/span><span class=\"\" style=\"color: #b92d5d;\">\u00ab\u00a0TOULOUSE LAUTREC et l\u2019art de l\u2019affiche\u00a0\u00bb<\/span><span class=\"\" style=\"color: #61177c;\">,&nbsp;<\/span><span class=\"\" style=\"color: #4e7a27;\">\u00ab &nbsp;MONDRIAN et l\u2019Art Abstrait\u00a0\u00bb<\/span><span class=\"\" style=\"color: #61177c;\">, ce Mardi 2 Juillet nous \u00e9tions quelques uns \u00e0 nous r\u00e9unir pour \u00e9voquer <\/span><span class=\"\" style=\"color: #d58400;\">\u00ab\u00a0VAN GOGH l\u2019inclassable\u00a0\u00bb<\/span><span class=\"\" style=\"color: #61177c;\">et son parcours pictural.<\/span><\/b><\/span><\/div>\n<div>&nbsp;<\/div>\n<div class=\"\"><span class=\"\">Artiste maudit et incompris, esprit sensible et tortur\u00e9, Vincent Van Gogh (1853\u20131890) est devenu une l\u00e9gende. <\/span><span style=\"font-size: medium;\">Peintre infatigable mort \u00e0 37&nbsp;ans, il a produit plus de 800&nbsp;toiles.<\/span><\/div>\n<div class=\"\">\n<div class=\"\"><span class=\"\" style=\"font-size: medium;\">&nbsp;<\/span><\/div>\n<div class=\"\"><span class=\"\"><span class=\"\" style=\"font-size: medium;\">R\u00e9put\u00e9 inclassable, il appartient pourtant \u00e0 la mouvance postimpressionniste, tout comme son ami Paul Gauguin.&nbsp;<\/span><\/span><\/div>\n<div class=\"\"><span class=\"\">Avec sa palette vive et sa touche exalt\u00e9e, il appara\u00eet aussi comme un pr\u00e9curseur du fauvisme et de l\u2019expressionnisme tout en se rapprochant du symbolisme par sa conception mystique de l\u2019art.<\/span><\/div>\n<div>&nbsp;<\/div>\n<div class=\"\"><span class=\"\" style=\"font-size: medium;\"><span class=\"\" style=\"font-family: Arial;\">Toute l\u2019histoire de Van GOGH, avec ses \u00e9lans religieux et humanitaires, son irr\u00e9sistible vocation pour la peinture est une suite de dures conqu\u00eates spirituelles qui lui couteront de la souffrance et finalement la vie.<\/span><\/span><\/div>\n<\/div>\n<div class=\"\"><span class=\"\" style=\"font-size: medium;\"><span class=\"\" style=\"font-family: Arial;\">&nbsp;<\/span><\/span><\/div>\n<div class=\"\"><span class=\"\" style=\"font-size: medium;\"><span class=\"\" style=\"color: #b51a00; font-family: Arial;\"><b class=\"\"><i class=\"\">\u00ab&nbsp;Je ne saurais dire ce qui m\u2019enferme, m\u2019emprisonne, semble m\u2019ensevelir, mais j\u2019ai comme une sensation de barreaux, de grille, de murs&nbsp;\u00bb.<\/i><\/b><\/span><\/span><\/div>\n<div class=\"\"><span class=\"\" style=\"font-size: medium;\"><span class=\"\" style=\"font-family: Arial;\"><b class=\"\"><i class=\"\">Vincent Van GOGH<\/i><\/b><\/span><\/span><\/div>\n<div class=\"\"><span class=\"\" style=\"font-size: medium;\"><span class=\"\" style=\"font-family: Arial;\">&nbsp;<\/span><\/span><\/div>\n<div class=\"\"><span class=\"\" style=\"font-size: medium;\"><span class=\"\" style=\"font-family: Arial;\">L\u2019Atelier s\u2019est termin\u00e9 par un exercice : \u00ab&nbsp;et si pendant quelques minutes vous \u00e9tiez Van GOGH, comment feriez vous ce paysage ?&nbsp;<\/span><\/span><span class=\"\" style=\"font-family: Arial; font-size: medium;\">\u00ab&nbsp;<\/span><\/div>\n<div class=\"\"><span class=\"\" style=\"font-size: medium;\"><span class=\"\" style=\"font-family: Arial;\">&nbsp;<\/span><\/span><\/div>\n<div class=\"\"><span class=\"\" style=\"font-size: medium;\"><span class=\"\" style=\"font-family: Arial;\">D\u2019apr\u00e8s une photo en noir et blanc de paysage, chaque participant devait reproduire le paysage en couleur, avec des feutres, \u00e0 la mani\u00e8re de Van GOGH ! Chacun s\u2019est pr\u00eat\u00e9 au jeu et quelque soit les niveaux en peinture de tous, les r\u00e9sultats furent tr\u00e8s approchants du style du peintre !<\/span><\/span><\/div>\n<div class=\"\"><span class=\"\" style=\"font-size: medium;\"><span class=\"\" style=\"font-family: Arial;\">&nbsp;<\/span><\/span><\/div>\n<div class=\"\"><span class=\"\" style=\"font-size: medium;\"><span class=\"\" style=\"font-family: Arial;\">Bravo \u00e0 tous !&nbsp;<\/span><\/span><\/div>\n<div class=\"\"><span class=\"\" style=\"font-size: medium;\"><span class=\"\" style=\"font-family: Arial;\">&nbsp;<\/span><\/span><\/div>\n<div class=\"\"><span class=\"\" style=\"font-size: medium;\"><span class=\"\" style=\"font-family: Arial;\">Prochaines tables rondes pour la saison 2024-2025 :<\/span><\/span><\/div>\n<div class=\"\"><span class=\"\" style=\"font-size: medium;\"><span class=\"\" style=\"font-family: Arial;\">&nbsp;<\/span><\/span><\/div>\n<div class=\"\"><span class=\"\" style=\"font-size: medium;\"><span class=\"\" style=\"color: #0056d6; font-family: Arial;\"><b class=\"\">Picasso et le cubisme<\/b><\/span><\/span><\/div>\n<div class=\"\"><span class=\"\" style=\"font-size: medium;\"><span class=\"\" style=\"color: #371a95; font-family: Arial;\"><b class=\"\">Magritte et le surr\u00e9alisme<\/b><\/span><\/span><\/div>\n<div>&nbsp;<\/div>\n<div><a href=\"http:\/\/www.rers-staubindemedoc.fr\/wp-content\/uploads\/2024\/07\/Van-Gogh_3448-scaled-e1720128378633.jpeg\"><img loading=\"lazy\" decoding=\"async\" class=\"alignnone size-medium wp-image-5752\" src=\"http:\/\/www.rers-staubindemedoc.fr\/wp-content\/uploads\/2024\/07\/Van-Gogh_3448-300x152.jpeg\" alt=\"\" width=\"300\" height=\"152\"><\/a> <a href=\"http:\/\/www.rers-staubindemedoc.fr\/wp-content\/uploads\/2024\/07\/Van-Gogh_3449.jpeg\"><img loading=\"lazy\" decoding=\"async\" class=\"alignnone size-medium wp-image-5751\" src=\"http:\/\/www.rers-staubindemedoc.fr\/wp-content\/uploads\/2024\/07\/Van-Gogh_3449-300x171.jpeg\" alt=\"\" width=\"300\" height=\"171\" srcset=\"https:\/\/www.rers-staubindemedoc.fr\/wp-content\/uploads\/2024\/07\/Van-Gogh_3449-300x171.jpeg 300w, https:\/\/www.rers-staubindemedoc.fr\/wp-content\/uploads\/2024\/07\/Van-Gogh_3449-1024x584.jpeg 1024w, https:\/\/www.rers-staubindemedoc.fr\/wp-content\/uploads\/2024\/07\/Van-Gogh_3449-768x438.jpeg 768w, https:\/\/www.rers-staubindemedoc.fr\/wp-content\/uploads\/2024\/07\/Van-Gogh_3449-1536x876.jpeg 1536w, https:\/\/www.rers-staubindemedoc.fr\/wp-content\/uploads\/2024\/07\/Van-Gogh_3449-2048x1168.jpeg 2048w, https:\/\/www.rers-staubindemedoc.fr\/wp-content\/uploads\/2024\/07\/Van-Gogh_3449-700x399.jpeg 700w\" sizes=\"auto, (max-width: 300px) 100vw, 300px\" \/><\/a> <a href=\"http:\/\/www.rers-staubindemedoc.fr\/wp-content\/uploads\/2024\/07\/Van-Gogh_3450-scaled-e1720128436774.jpeg\"><img loading=\"lazy\" decoding=\"async\" class=\"alignnone size-medium wp-image-5750\" src=\"http:\/\/www.rers-staubindemedoc.fr\/wp-content\/uploads\/2024\/07\/Van-Gogh_3450-300x188.jpeg\" alt=\"\" width=\"300\" height=\"188\"><\/a> <a href=\"http:\/\/www.rers-staubindemedoc.fr\/wp-content\/uploads\/2024\/07\/Van-Gogh_3451-scaled-e1720128311928.jpeg\"><img loading=\"lazy\" decoding=\"async\" class=\"alignnone size-medium wp-image-5749\" src=\"http:\/\/www.rers-staubindemedoc.fr\/wp-content\/uploads\/2024\/07\/Van-Gogh_3451-300x177.jpeg\" alt=\"\" width=\"300\" height=\"177\"><\/a><\/div>\n","protected":false},"excerpt":{"rendered":"","protected":false},"author":25,"featured_media":0,"comment_status":"open","ping_status":"open","sticky":false,"template":"","format":"standard","meta":{"ngg_post_thumbnail":0,"footnotes":"","_links_to":"","_links_to_target":""},"categories":[1],"tags":[],"class_list":["post-5733","post","type-post","status-publish","format-standard","hentry","category-uncategorized"],"_links":{"self":[{"href":"https:\/\/www.rers-staubindemedoc.fr\/index.php?rest_route=\/wp\/v2\/posts\/5733","targetHints":{"allow":["GET"]}}],"collection":[{"href":"https:\/\/www.rers-staubindemedoc.fr\/index.php?rest_route=\/wp\/v2\/posts"}],"about":[{"href":"https:\/\/www.rers-staubindemedoc.fr\/index.php?rest_route=\/wp\/v2\/types\/post"}],"author":[{"embeddable":true,"href":"https:\/\/www.rers-staubindemedoc.fr\/index.php?rest_route=\/wp\/v2\/users\/25"}],"replies":[{"embeddable":true,"href":"https:\/\/www.rers-staubindemedoc.fr\/index.php?rest_route=%2Fwp%2Fv2%2Fcomments&post=5733"}],"version-history":[{"count":2,"href":"https:\/\/www.rers-staubindemedoc.fr\/index.php?rest_route=\/wp\/v2\/posts\/5733\/revisions"}],"predecessor-version":[{"id":5758,"href":"https:\/\/www.rers-staubindemedoc.fr\/index.php?rest_route=\/wp\/v2\/posts\/5733\/revisions\/5758"}],"wp:attachment":[{"href":"https:\/\/www.rers-staubindemedoc.fr\/index.php?rest_route=%2Fwp%2Fv2%2Fmedia&parent=5733"}],"wp:term":[{"taxonomy":"category","embeddable":true,"href":"https:\/\/www.rers-staubindemedoc.fr\/index.php?rest_route=%2Fwp%2Fv2%2Fcategories&post=5733"},{"taxonomy":"post_tag","embeddable":true,"href":"https:\/\/www.rers-staubindemedoc.fr\/index.php?rest_route=%2Fwp%2Fv2%2Ftags&post=5733"}],"curies":[{"name":"wp","href":"https:\/\/api.w.org\/{rel}","templated":true}]}}