{"id":6227,"date":"2026-04-26T09:23:15","date_gmt":"2026-04-26T08:23:15","guid":{"rendered":"https:\/\/www.rers-staubindemedoc.fr\/?p=6227"},"modified":"2026-04-26T09:24:13","modified_gmt":"2026-04-26T08:24:13","slug":"sortie-rando-roquetaillade","status":"publish","type":"post","link":"https:\/\/www.rers-staubindemedoc.fr\/?p=6227","title":{"rendered":"Sortie rando Roquetaillade"},"content":{"rendered":"<div>&nbsp;<\/div>\n<div><a href=\"https:\/\/www.rers-staubindemedoc.fr\/?attachment_id=6232\" rel=\"attachment wp-att-6232\"><img loading=\"lazy\" decoding=\"async\" class=\"size-full wp-image-6232 aligncenter\" src=\"http:\/\/www.rers-staubindemedoc.fr\/wp-content\/uploads\/2026\/04\/Roquetaillade-3.jpg\" alt=\"\" width=\"236\" height=\"177\"><\/a><\/div>\n<div>C&rsquo;\u00e9tait promis par la m\u00e9t\u00e9o, ce serait une belle journ\u00e9e aux temp\u00e9ratures croissantes avec les heures.&nbsp;<br \/>\nC&rsquo;\u00e9tait promis par nos G.O. ce serait un beau ch\u00e2teau fort, un piquenique sans portage et une rando entre vignes, bois et champs, un rien vallonn\u00e9e pour ne pas fr\u00f4ler la monotonie.<\/div>\n<div>Deux ch\u00e2teaux&nbsp;forts pour le prix d&rsquo;un&#8230; le vieux, \u00e9lev\u00e9 en bois dans les ann\u00e9es 800 par Charlemagne, et dont les vestiges de pierres remontent au X\u00e8me si\u00e8cle. Le ch\u00e2teau neuf, construit d\u00e9but du 14\u00e8me, est la propri\u00e9t\u00e9 de la m\u00eame famille depuis plus de 7 si\u00e8cles&#8230;.il a \u00e9t\u00e9 restaur\u00e9 et am\u00e9nag\u00e9 par Eug\u00e8ne VIOLLET LE DUC&nbsp; au 19\u00e8me &#8230; (oui, oui, le m\u00eame qu&rsquo;\u00e0 Carcassonne, Notre Dame de Paris, Pierrefonds etc&#8230;. )&nbsp;<br \/>\nNotre guide nous en chantera les louanges . Il a cr\u00e9\u00e9 l&rsquo;art Total et initi\u00e9 l&rsquo;art Nouveau.<\/div>\n<div>Nous n&rsquo;oublierons pas la chapelle qui est aussi extraordinaire (dans tous les sens du terme) que le Ch\u00e2teau.&nbsp;<\/div>\n<div>Mais vous connaissez d\u00e9j\u00e0 Roquetaillade, c&rsquo;est le Ch\u00e2teau&nbsp;que l&rsquo;on voit dans le Film \u00ab\u00a0Fantomas contre Scotland Yard\u00a0\u00bb &#8230; ainsi que nombre d&rsquo;autres fllms&nbsp;comme \u00ab\u00a0Le pacte des loups\u00a0\u00bb , \u00ab\u00a0les s\u00e9ducteurs\u00a0\u00bb&#8230;&nbsp;<\/div>\n<div>Mais le voir en vrai est r\u00e9jouissant et la fraicheur des d\u00e9cors est \u00e9clatante.<\/div>\n<div>Vous y verrez peut-\u00eatre des objets qui vous \u00e9tonneront ; pour moi : une turboti\u00e8re et un prie-dieu inclin\u00e9 .&nbsp;<img decoding=\"async\" class=\"an1\" draggable=\"false\" src=\"https:\/\/fonts.gstatic.com\/s\/e\/notoemoji\/17.0\/1f636\/72.png\" alt=\"\ud83d\ude36\" data-emoji=\"\ud83d\ude36\" aria-label=\"\ud83d\ude36\"><\/div>\n<div>Apr\u00e8s nos agapes rehauss\u00e9es de bricoles gourmandes, vin et caf\u00e9 ; nous pr\u00eemes&nbsp; le chemin de notre escapade. Le premier crochet passait par le cimeti\u00e8re et l&rsquo;\u00e9glise du village de Maz\u00e8res. Puis nous avons persist\u00e9 par des sentiers, des bords de route, des travers\u00e9es de pr\u00e9s et long\u00e9 des bois qui nous offraient une ombre d\u00e9licieuse . Tout au long de notre p\u00e9riple, \u0153illets et orchid\u00e9es sauvages, v\u00e9roniques, violettes, p\u00e2querettes et bien d&rsquo;autres \u0153uvres de la nature nous r\u00e9jouissaient l\u2019\u0153il.&nbsp;<\/div>\n<div>D&rsquo;avoir Roquetaillade en fond de paysage a permis un instant de d\u00e9lire,. C&rsquo;\u00e9tait une construction de l\u00e9gos, de cartons, un d\u00e9cor de film, et pourquoi pas un Disney &#8230;.&nbsp;<\/div>\n<div>Bient\u00f4t, nous retrouvions les voitures et Saint-Aubin, emplis de s\u00e9r\u00e9nit\u00e9.&nbsp;<\/div>\n<div>&nbsp;<\/div>\n<div>Paulette .&nbsp;<\/div>\n<p>&nbsp;<\/p>\n<table>\n<tbody>\n<tr>\n<td><a href=\"https:\/\/www.rers-staubindemedoc.fr\/?attachment_id=6231\" rel=\"attachment wp-att-6231\"><img loading=\"lazy\" decoding=\"async\" class=\"size-full wp-image-6231 aligncenter\" src=\"http:\/\/www.rers-staubindemedoc.fr\/wp-content\/uploads\/2026\/04\/Roquetaillade-2.jpg\" alt=\"\" width=\"164\" height=\"236\"><\/a><\/td>\n<td><a href=\"https:\/\/www.rers-staubindemedoc.fr\/?attachment_id=6234\" rel=\"attachment wp-att-6234\"><img loading=\"lazy\" decoding=\"async\" class=\"size-full wp-image-6234 aligncenter\" src=\"http:\/\/www.rers-staubindemedoc.fr\/wp-content\/uploads\/2026\/04\/Roquetaillade-1.jpg\" alt=\"\" width=\"236\" height=\"177\"><\/a><\/td>\n<td><a href=\"https:\/\/www.rers-staubindemedoc.fr\/?attachment_id=6233\" rel=\"attachment wp-att-6233\"><img loading=\"lazy\" decoding=\"async\" class=\"size-medium wp-image-6233 aligncenter\" src=\"http:\/\/www.rers-staubindemedoc.fr\/wp-content\/uploads\/2026\/04\/Roquetaillade-4-225x300.jpg\" alt=\"\" width=\"225\" height=\"300\" srcset=\"https:\/\/www.rers-staubindemedoc.fr\/wp-content\/uploads\/2026\/04\/Roquetaillade-4-225x300.jpg 225w, https:\/\/www.rers-staubindemedoc.fr\/wp-content\/uploads\/2026\/04\/Roquetaillade-4.jpg 265w\" sizes=\"auto, (max-width: 225px) 100vw, 225px\" \/><\/a><\/td>\n<\/tr>\n<\/tbody>\n<\/table>\n<p>&nbsp;<\/p>\n","protected":false},"excerpt":{"rendered":"<p>&nbsp; C&rsquo;\u00e9tait promis par la m\u00e9t\u00e9o, ce serait une belle journ\u00e9e aux temp\u00e9ratures croissantes avec les heures.&nbsp; C&rsquo;\u00e9tait promis par nos G.O. ce serait un beau ch\u00e2teau fort, un piquenique sans portage et une rando entre vignes, bois et champs, un rien vallonn\u00e9e pour ne pas fr\u00f4ler la monotonie. Deux ch\u00e2teaux&nbsp;forts pour le prix d&rsquo;un&#8230; [&hellip;]<\/p>\n","protected":false},"author":2,"featured_media":0,"comment_status":"open","ping_status":"open","sticky":false,"template":"","format":"standard","meta":{"ngg_post_thumbnail":0,"footnotes":"","_links_to":"","_links_to_target":""},"categories":[32],"tags":[],"class_list":["post-6227","post","type-post","status-publish","format-standard","hentry","category-balade"],"_links":{"self":[{"href":"https:\/\/www.rers-staubindemedoc.fr\/index.php?rest_route=\/wp\/v2\/posts\/6227","targetHints":{"allow":["GET"]}}],"collection":[{"href":"https:\/\/www.rers-staubindemedoc.fr\/index.php?rest_route=\/wp\/v2\/posts"}],"about":[{"href":"https:\/\/www.rers-staubindemedoc.fr\/index.php?rest_route=\/wp\/v2\/types\/post"}],"author":[{"embeddable":true,"href":"https:\/\/www.rers-staubindemedoc.fr\/index.php?rest_route=\/wp\/v2\/users\/2"}],"replies":[{"embeddable":true,"href":"https:\/\/www.rers-staubindemedoc.fr\/index.php?rest_route=%2Fwp%2Fv2%2Fcomments&post=6227"}],"version-history":[{"count":6,"href":"https:\/\/www.rers-staubindemedoc.fr\/index.php?rest_route=\/wp\/v2\/posts\/6227\/revisions"}],"predecessor-version":[{"id":6240,"href":"https:\/\/www.rers-staubindemedoc.fr\/index.php?rest_route=\/wp\/v2\/posts\/6227\/revisions\/6240"}],"wp:attachment":[{"href":"https:\/\/www.rers-staubindemedoc.fr\/index.php?rest_route=%2Fwp%2Fv2%2Fmedia&parent=6227"}],"wp:term":[{"taxonomy":"category","embeddable":true,"href":"https:\/\/www.rers-staubindemedoc.fr\/index.php?rest_route=%2Fwp%2Fv2%2Fcategories&post=6227"},{"taxonomy":"post_tag","embeddable":true,"href":"https:\/\/www.rers-staubindemedoc.fr\/index.php?rest_route=%2Fwp%2Fv2%2Ftags&post=6227"}],"curies":[{"name":"wp","href":"https:\/\/api.w.org\/{rel}","templated":true}]}}