{"id":6241,"date":"2026-04-29T21:04:03","date_gmt":"2026-04-29T20:04:03","guid":{"rendered":"https:\/\/www.rers-staubindemedoc.fr\/?p=6241"},"modified":"2026-04-29T21:04:03","modified_gmt":"2026-04-29T20:04:03","slug":"omelette-pascale-le-6-avril-2026","status":"publish","type":"post","link":"https:\/\/www.rers-staubindemedoc.fr\/?p=6241","title":{"rendered":"Omelette Pascale le 6 Avril 2026"},"content":{"rendered":"<p>&nbsp;<\/p>\n<table>\n<tbody>\n<tr>\n<td><a href=\"https:\/\/www.rers-staubindemedoc.fr\/?attachment_id=6247\" rel=\"attachment wp-att-6247\"><img loading=\"lazy\" decoding=\"async\" class=\"size-medium wp-image-6247 aligncenter\" src=\"http:\/\/www.rers-staubindemedoc.fr\/wp-content\/uploads\/2026\/04\/Omelette-pascale-2026-Equipe-Cuisson-288x300.jpg\" alt=\"\" width=\"288\" height=\"300\" srcset=\"https:\/\/www.rers-staubindemedoc.fr\/wp-content\/uploads\/2026\/04\/Omelette-pascale-2026-Equipe-Cuisson-288x300.jpg 288w, https:\/\/www.rers-staubindemedoc.fr\/wp-content\/uploads\/2026\/04\/Omelette-pascale-2026-Equipe-Cuisson-768x801.jpg 768w, https:\/\/www.rers-staubindemedoc.fr\/wp-content\/uploads\/2026\/04\/Omelette-pascale-2026-Equipe-Cuisson-700x730.jpg 700w, https:\/\/www.rers-staubindemedoc.fr\/wp-content\/uploads\/2026\/04\/Omelette-pascale-2026-Equipe-Cuisson.jpg 886w\" sizes=\"auto, (max-width: 288px) 100vw, 288px\" \/><\/a><\/td>\n<td><a href=\"https:\/\/www.rers-staubindemedoc.fr\/?attachment_id=6244#main\" rel=\"attachment wp-att-6244\"><img loading=\"lazy\" decoding=\"async\" class=\"size-medium wp-image-6244 aligncenter\" src=\"http:\/\/www.rers-staubindemedoc.fr\/wp-content\/uploads\/2026\/04\/Omelette-pascale-2026-Equipe-vente-copie-163x300.jpg\" alt=\"\" width=\"163\" height=\"300\" srcset=\"https:\/\/www.rers-staubindemedoc.fr\/wp-content\/uploads\/2026\/04\/Omelette-pascale-2026-Equipe-vente-copie-163x300.jpg 163w, https:\/\/www.rers-staubindemedoc.fr\/wp-content\/uploads\/2026\/04\/Omelette-pascale-2026-Equipe-vente-copie-557x1024.jpg 557w, https:\/\/www.rers-staubindemedoc.fr\/wp-content\/uploads\/2026\/04\/Omelette-pascale-2026-Equipe-vente-copie-543x999.jpg 543w, https:\/\/www.rers-staubindemedoc.fr\/wp-content\/uploads\/2026\/04\/Omelette-pascale-2026-Equipe-vente-copie.jpg 652w\" sizes=\"auto, (max-width: 163px) 100vw, 163px\" \/><\/a><\/td>\n<\/tr>\n<\/tbody>\n<\/table>\n<p>&nbsp;<\/p>\n<p><span style=\"color: #666666;\"><span style=\"font-family: Arial;\"><span style=\"font-size: medium;\">La c\u00e9l\u00e9bration du lundi de P\u00e2ques, le 6 Avril 2026, a \u00e9t\u00e9 marqu\u00e9e par notre participation \u00e0 la manifestation \u00abOmelette Pascale\u00bb&nbsp;organis\u00e9e traditionnellement par la municipalit\u00e9 de Saint Aubin de M\u00e9doc.<\/span><\/span><\/span><\/p>\n<p><span style=\"color: #666666;\"><span style=\"font-family: Arial;\"><span style=\"font-size: medium;\">Cette ann\u00e9e, sous un soleil \u00e9clatant, les stands et les tables avaient \u00e9t\u00e9 dress\u00e9s sur la place Redovan, pr\u00e8s de la salle Auristelle, cr\u00e9ant une ambiance chaleureuse et conviviale.<\/span><\/span><\/span><\/p>\n<p><span style=\"color: #666666;\"><span style=\"font-family: Baskerville, Playfair Display, Times New Roman, serif;\"><span style=\"font-size: medium;\"><span style=\"font-family: Arial;\">Nous <\/span><span style=\"font-family: Arial;\">souhaitons<\/span><span style=\"font-family: Arial;\"> tout d\u2019abord <\/span><span style=\"font-family: Arial;\">exprimer notre gratitude envers no<\/span><span style=\"font-family: Arial;\">s<\/span><span style=\"font-family: Arial;\"> adh\u00e9rents qui nous ont fourni <\/span><span style=\"font-family: Arial;\">du <\/span><span style=\"font-family: Arial;\">lait, <\/span><span style=\"font-family: Arial;\">des <\/span><span style=\"font-family: Arial;\">\u0153ufs, <\/span><span style=\"font-family: Arial;\">du <\/span><span style=\"font-family: Arial;\">sucre, <\/span><span style=\"font-family: Arial;\">de la <\/span><span style=\"font-family: Arial;\">farine \u2026 <\/span><span style=\"font-family: Arial;\">afin de nous permettre de confectionner les cr\u00eapes que n<\/span><span style=\"font-family: Arial;\">ous proposions \u00e0 la vente. <\/span><span style=\"font-family: Arial;\">Ces d\u00e9licieuses cr\u00eapes, <\/span><span style=\"font-family: Arial;\">a<\/span><span style=\"font-family: Arial;\">ccompagn\u00e9es<\/span><span style=\"font-family: Arial;\"> de caf\u00e9s \u00ab&nbsp;<\/span><span style=\"font-family: Arial;\">gourmands&nbsp;\u00bb, <\/span><span style=\"font-family: Arial;\">ont ravi les papilles des participants et visiteurs.<\/span><\/span><\/span><\/span><\/p>\n<p><span style=\"color: #666666;\"><span style=\"font-family: Arial;\"><span style=\"font-size: medium;\">Nous tenons \u00e0 remercier chaleureusement notre \u00e9quipe \u00ab&nbsp;cuisson&nbsp;\u00bb, compos\u00e9e d\u2019Annick et Bernadette, qui a travaill\u00e9 sans rel\u00e2che pour pr\u00e9parer ces cr\u00eapes, sans oublier notre bin\u00f4me \u00ab&nbsp;vente&nbsp;\u00bb&nbsp;: Lucienne et Paulette, qui a assur\u00e9 un service impeccable tout au long de cet journ\u00e9e.<\/span><\/span><\/span><\/p>\n<p><span style=\"color: #666666;\"><span style=\"font-family: Arial;\"><span style=\"font-size: medium;\">Cette nouvelle \u00e9dition, couronn\u00e9e de succ\u00e8s, nous a permis de retrouver des visages amis et partager des moments conviviaux, d\u2019une part, et, d\u2019autre part, d\u2019accueillir de nouvelles personnes int\u00e9ress\u00e9es par les offres de notre R\u00e9seau d\u2019Echanges de Savoirs&nbsp;!<\/span><\/span><\/span><\/p>\n<p><span style=\"color: #666666;\"><span style=\"font-family: Arial;\"><span style=\"font-size: medium;\">Nous sommes reconnaissants envers tous les participants pour leur soutien et leur enthousiasme et nous avons h\u00e2te de vous retrouver lors de nos prochains \u00e9v\u00e8nements.<\/span><\/span><\/span><\/p>\n<p>&nbsp;<\/p>\n","protected":false},"excerpt":{"rendered":"<p>&nbsp; &nbsp; La c\u00e9l\u00e9bration du lundi de P\u00e2ques, le 6 Avril 2026, a \u00e9t\u00e9 marqu\u00e9e par notre participation \u00e0 la manifestation \u00abOmelette Pascale\u00bb&nbsp;organis\u00e9e traditionnellement par la municipalit\u00e9 de Saint Aubin de M\u00e9doc. Cette ann\u00e9e, sous un soleil \u00e9clatant, les stands et les tables avaient \u00e9t\u00e9 dress\u00e9s sur la place Redovan, pr\u00e8s de la salle Auristelle, [&hellip;]<\/p>\n","protected":false},"author":2,"featured_media":0,"comment_status":"open","ping_status":"open","sticky":false,"template":"","format":"standard","meta":{"ngg_post_thumbnail":0,"footnotes":"","_links_to":"","_links_to_target":""},"categories":[18],"tags":[],"class_list":["post-6241","post","type-post","status-publish","format-standard","hentry","category-information"],"_links":{"self":[{"href":"https:\/\/www.rers-staubindemedoc.fr\/index.php?rest_route=\/wp\/v2\/posts\/6241","targetHints":{"allow":["GET"]}}],"collection":[{"href":"https:\/\/www.rers-staubindemedoc.fr\/index.php?rest_route=\/wp\/v2\/posts"}],"about":[{"href":"https:\/\/www.rers-staubindemedoc.fr\/index.php?rest_route=\/wp\/v2\/types\/post"}],"author":[{"embeddable":true,"href":"https:\/\/www.rers-staubindemedoc.fr\/index.php?rest_route=\/wp\/v2\/users\/2"}],"replies":[{"embeddable":true,"href":"https:\/\/www.rers-staubindemedoc.fr\/index.php?rest_route=%2Fwp%2Fv2%2Fcomments&post=6241"}],"version-history":[{"count":5,"href":"https:\/\/www.rers-staubindemedoc.fr\/index.php?rest_route=\/wp\/v2\/posts\/6241\/revisions"}],"predecessor-version":[{"id":6248,"href":"https:\/\/www.rers-staubindemedoc.fr\/index.php?rest_route=\/wp\/v2\/posts\/6241\/revisions\/6248"}],"wp:attachment":[{"href":"https:\/\/www.rers-staubindemedoc.fr\/index.php?rest_route=%2Fwp%2Fv2%2Fmedia&parent=6241"}],"wp:term":[{"taxonomy":"category","embeddable":true,"href":"https:\/\/www.rers-staubindemedoc.fr\/index.php?rest_route=%2Fwp%2Fv2%2Fcategories&post=6241"},{"taxonomy":"post_tag","embeddable":true,"href":"https:\/\/www.rers-staubindemedoc.fr\/index.php?rest_route=%2Fwp%2Fv2%2Ftags&post=6241"}],"curies":[{"name":"wp","href":"https:\/\/api.w.org\/{rel}","templated":true}]}}